{"id":933,"date":"2021-06-14T13:57:15","date_gmt":"2021-06-14T11:57:15","guid":{"rendered":"https:\/\/www.accolade-asso.fr\/?p=933"},"modified":"2021-06-14T13:57:16","modified_gmt":"2021-06-14T11:57:16","slug":"activite-physique-adaptee-lors-du-retour-au-domicile","status":"publish","type":"post","link":"https:\/\/www.accolade-asso.fr\/index.php\/2021\/06\/14\/activite-physique-adaptee-lors-du-retour-au-domicile\/","title":{"rendered":"Activit\u00e9 physique adapt\u00e9e lors du retour au domicile"},"content":{"rendered":"\n<div class=\"wp-block-group\"><div class=\"wp-block-group__inner-container is-layout-flow wp-block-group-is-layout-flow\">\n<p class=\"has-medium-font-size\"><span class=\"has-inline-color has-vivid-cyan-blue-color\">Pendant toute la dur\u00e9e du traitement nous sommes accompagn\u00e9s.<br>Quand vient le retour au domicile tout s\u2019arr\u00eate brusquement. L\u2019isolement est accru, la reprise des activit\u00e9s \u00ab\u00a0normal\u00a0\u00bb est parfois compliqu\u00e9. L\u2019activit\u00e9 physique et sportif est un facteur essentiel, reconnu de d\u00e9veloppement et d\u2019\u00e9panouissement des enfants ainsi que des jeunes adultes tant sur le plan physique, mental et social.<\/span><\/p>\n\n\n\n<p class=\"has-medium-font-size\"><span class=\"has-inline-color has-vivid-cyan-blue-color\">C\u2019est pourquoi Accolade en partenariat avec la maison du sport de Dunkerque puis l\u2019association DK pulse,<a href=\"https:\/\/www.dkpulse.com\"><em><strong>ht<\/strong><\/em><\/a><em><a href=\"https:\/\/www.dkpulse.com\"><strong>tp<\/strong><\/a><\/em><strong><em><a href=\"https:\/\/www.dkpulse.com\">s:\/\/www.dkpulse.com<\/a> <\/em><\/strong>propose de mettre en place une exp\u00e9rimentation depuis 2015 au centre oscar Lambret.<a href=\"https:\/\/www.centreoscarlambret.fr\"><strong><em>https:\/\/www.centreoscarlambret.fr<\/em><\/strong><\/a><br>Cela consiste, en divers ateliers, plusieurs fois par semaine. (Escrime, mini baskets, tennis de table, renforcement musculaire).<br>Ce projet est n\u00e9 de la rencontre de diff\u00e9rents acteurs lors des r\u00e9unions de groupe entre le comit\u00e9 d\u00e9partemental du Nord de la ligue contre le cancer, <strong><em><a href=\"https:\/\/www.ligue-cancer.net\/cd59\/journal\">https:\/\/www.ligue-cancer.net\/cd59\/journa<\/a>l<\/em><\/strong> d&rsquo;Accolade et de l&rsquo;association DK Pulse ainsi que du partage des exp\u00e9riences.<\/span><\/p>\n\n\n\n<p class=\"has-medium-font-size\"><span class=\"has-inline-color has-vivid-cyan-blue-color\">En 2016, Accolade, Le comit\u00e9 du Nord de la ligue contre le cancer et Le Centre oscar Lambert ont initi\u00e9s le projet APA dans le service d\u2019onco-p\u00e9diatrique.<br>Les b\u00e9n\u00e9voles, les parents, les intervenants et les soignants ont \u00e9t\u00e9 unanimes sur les bienfaits envisageable.<\/span><br><br><span class=\"has-inline-color has-vivid-cyan-blue-color\">DK pulse est sp\u00e9cialis\u00e9 dans le sport sant\u00e9 et plus particuli\u00e8rement dans la conception de programmes d&rsquo;activit\u00e9 physique adapt\u00e9 et destin\u00e9 \u00e0 la population fragile. <br>Ils ont pris en charge Matt\u00e9o, 15 ans en 2008 pr\u00e9sentant un Cancer au stade 4 De la maladie d\u2019Hodgkin.<\/span><\/p>\n\n\n\n<p class=\"has-medium-font-size\"><span class=\"has-inline-color has-vivid-cyan-blue-color\">Avec une fr\u00e9quence de 2 fois par semaine sur une dur\u00e9e de 15 \u00e0 60 minutes, selon sa sant\u00e9 et ses examens.<br>Un coach personnel lui est propos\u00e9. Les s\u00e9ances ce sont d\u00e9roul\u00e9 \u00e0 son domicile suite \u00e0 la chimioth\u00e9rapie mais aussi \u00e0 l\u2019ext\u00e9rieur.(Chambre, salle de classe, salle de jeu, salle ados du centre oscar Lambret)<\/span><\/p>\n\n\n\n<p class=\"has-medium-font-size\"><span class=\"has-inline-color has-vivid-cyan-blue-color\">Ces s\u00e9ances lui ont permis de s\u2019\u00e9chapper de sa maladie, de lutter contre les effets secondaires du traitement ainsi que la sarcop\u00e9nie (perte de masse musculaire) et de pratiquer son sport favori en toute s\u00e9curit\u00e9.<br>Sa famille \u00e9tait heureuse de le voir d\u00e9tendu au retour de la s\u00e9ance.<\/span><\/p>\n\n\n\n<p class=\"has-medium-font-size\"><span class=\"has-inline-color has-vivid-cyan-blue-color\">Ce projet concerne les enfants de 2 \u00e0 16 ans, suivi au centre oscar Lambert et dont l\u2019\u00e9tat de sant\u00e9 permet une activit\u00e9 physique.<\/span><\/p>\n\n\n\n<p class=\"has-medium-font-size\"><span class=\"has-inline-color has-vivid-cyan-blue-color\">Les activit\u00e9s propos\u00e9s sont encadr\u00e9 par des \u00e9ducateurs sportifs, des entra\u00eeneurs comp\u00e9tents et leurs interventions sont facilit\u00e9 par un \u00e9change d\u2019informations entre le personnel m\u00e9dical et les professionnels du sport.<\/span><\/p>\n<\/div><\/div>\n\n\n\n<p class=\"has-medium-font-size\"><span class=\"has-inline-color has-vivid-cyan-blue-color\">Ce projet est financ\u00e9 par La communaut\u00e9 du Nord de la ligue contre le cancer et Accolade.<\/span><br><br><a href=\"https:\/\/www.accolade-asso.fr\/index.php\/nous-soutenir\/\"><strong><em>https:\/\/www.accolade-asso.fr\/index.php\/nous-soutenir\/<\/em><\/strong><\/a><\/p>\n","protected":false},"excerpt":{"rendered":"<p>Pendant toute la dur\u00e9e du traitement nous sommes accompagn\u00e9s.Quand vient le retour au domicile tout s\u2019arr\u00eate brusquement. L\u2019isolement est accru, la reprise des activit\u00e9s \u00ab\u00a0normal\u00a0\u00bb est parfois compliqu\u00e9. L\u2019activit\u00e9 physique et sportif est un facteur essentiel, reconnu de d\u00e9veloppement et d\u2019\u00e9panouissement des enfants ainsi que des jeunes adultes tant sur le plan physique, mental et [&hellip;]<\/p>\n","protected":false},"author":1,"featured_media":938,"comment_status":"open","ping_status":"open","sticky":false,"template":"","format":"standard","meta":{"_et_pb_use_builder":"off","_et_pb_old_content":"","_et_gb_content_width":"","_monsterinsights_skip_tracking":false,"_monsterinsights_sitenote_active":false,"_monsterinsights_sitenote_note":"","_monsterinsights_sitenote_category":0,"footnotes":""},"categories":[1],"tags":[],"class_list":["post-933","post","type-post","status-publish","format-standard","has-post-thumbnail","hentry","category-non-classe"],"_links":{"self":[{"href":"https:\/\/www.accolade-asso.fr\/index.php\/wp-json\/wp\/v2\/posts\/933","targetHints":{"allow":["GET"]}}],"collection":[{"href":"https:\/\/www.accolade-asso.fr\/index.php\/wp-json\/wp\/v2\/posts"}],"about":[{"href":"https:\/\/www.accolade-asso.fr\/index.php\/wp-json\/wp\/v2\/types\/post"}],"author":[{"embeddable":true,"href":"https:\/\/www.accolade-asso.fr\/index.php\/wp-json\/wp\/v2\/users\/1"}],"replies":[{"embeddable":true,"href":"https:\/\/www.accolade-asso.fr\/index.php\/wp-json\/wp\/v2\/comments?post=933"}],"version-history":[{"count":12,"href":"https:\/\/www.accolade-asso.fr\/index.php\/wp-json\/wp\/v2\/posts\/933\/revisions"}],"predecessor-version":[{"id":947,"href":"https:\/\/www.accolade-asso.fr\/index.php\/wp-json\/wp\/v2\/posts\/933\/revisions\/947"}],"wp:featuredmedia":[{"embeddable":true,"href":"https:\/\/www.accolade-asso.fr\/index.php\/wp-json\/wp\/v2\/media\/938"}],"wp:attachment":[{"href":"https:\/\/www.accolade-asso.fr\/index.php\/wp-json\/wp\/v2\/media?parent=933"}],"wp:term":[{"taxonomy":"category","embeddable":true,"href":"https:\/\/www.accolade-asso.fr\/index.php\/wp-json\/wp\/v2\/categories?post=933"},{"taxonomy":"post_tag","embeddable":true,"href":"https:\/\/www.accolade-asso.fr\/index.php\/wp-json\/wp\/v2\/tags?post=933"}],"curies":[{"name":"wp","href":"https:\/\/api.w.org\/{rel}","templated":true}]}}